{"id":7643,"date":"2017-01-12T16:45:25","date_gmt":"2017-01-12T15:45:25","guid":{"rendered":"https:\/\/dlgde.wpengine.com\/?p=7643"},"modified":"2019-12-16T11:26:21","modified_gmt":"2019-12-16T10:26:21","slug":"rheingau-echo-alexander-will-die-welt-vor-dem-boesen-retten","status":"publish","type":"post","link":"https:\/\/deutsche-literaturgesellschaft.de\/en\/rheingau-echo-alexander-will-die-welt-vor-dem-boesen-retten\/","title":{"rendered":"Rheingau Echo - Alexander wants to save the world from evil"},"content":{"rendered":"<p>\"Alexander and the Dark Spirits\" is the title of the book written by Elke Ebers from Rauenthal in her retirement. Generations of pupils at Hildegardis School in R\u00fcdesheim will probably remember her fondly as a teacher.<\/p>\n<p>Read more<\/p>","protected":false},"excerpt":{"rendered":"<p>&#8222;Alexander und die dunklen Geister&#8220; hei\u00dft das Buch, das die Rauenthalerin Elke Ebers im Ruhestand geschrieben hat. Generationen von Sch\u00fclerinnen und Sch\u00fclern [&hellip;]<\/p>\n","protected":false},"author":15,"featured_media":7644,"comment_status":"open","ping_status":"closed","sticky":false,"template":"","format":"standard","meta":{"footnotes":""},"categories":[1],"tags":[],"class_list":["post-7643","post","type-post","status-publish","format-standard","has-post-thumbnail","hentry","category-allgemein"],"_links":{"self":[{"href":"https:\/\/deutsche-literaturgesellschaft.de\/en\/wp-json\/wp\/v2\/posts\/7643","targetHints":{"allow":["GET"]}}],"collection":[{"href":"https:\/\/deutsche-literaturgesellschaft.de\/en\/wp-json\/wp\/v2\/posts"}],"about":[{"href":"https:\/\/deutsche-literaturgesellschaft.de\/en\/wp-json\/wp\/v2\/types\/post"}],"author":[{"embeddable":true,"href":"https:\/\/deutsche-literaturgesellschaft.de\/en\/wp-json\/wp\/v2\/users\/15"}],"replies":[{"embeddable":true,"href":"https:\/\/deutsche-literaturgesellschaft.de\/en\/wp-json\/wp\/v2\/comments?post=7643"}],"version-history":[{"count":0,"href":"https:\/\/deutsche-literaturgesellschaft.de\/en\/wp-json\/wp\/v2\/posts\/7643\/revisions"}],"wp:attachment":[{"href":"https:\/\/deutsche-literaturgesellschaft.de\/en\/wp-json\/wp\/v2\/media?parent=7643"}],"wp:term":[{"taxonomy":"category","embeddable":true,"href":"https:\/\/deutsche-literaturgesellschaft.de\/en\/wp-json\/wp\/v2\/categories?post=7643"},{"taxonomy":"post_tag","embeddable":true,"href":"https:\/\/deutsche-literaturgesellschaft.de\/en\/wp-json\/wp\/v2\/tags?post=7643"}],"curies":[{"name":"wp","href":"https:\/\/api.w.org\/{rel}","templated":true}]}}