{"id":7647,"date":"2015-07-09T16:56:38","date_gmt":"2015-07-09T14:56:38","guid":{"rendered":"https:\/\/dlgde.wpengine.com\/?p=7647"},"modified":"2019-12-16T11:26:25","modified_gmt":"2019-12-16T10:26:25","slug":"koelnische-rundschau-der-krieg-hat-uns-gepraegt","status":"publish","type":"post","link":"https:\/\/deutsche-literaturgesellschaft.de\/en\/koelnische-rundschau-der-krieg-hat-uns-gepraegt\/","title":{"rendered":"K\u00f6lnische Rundschau - \"The war has shaped us\""},"content":{"rendered":"<p>She is one of the city's best-known dialect writers. But for her autobiography, Paula Hiertz, who regularly writes for the \"Uns K\u00f6lsch Verz\u00e4llche\" column in the Rundschau, has now dared to try her hand at High German at the age of 84.<\/p>\n<p>Read more<\/p>","protected":false},"excerpt":{"rendered":"<p>Sie ist eine der bekanntesten Mundart-Autoren der Stadt. Doch f\u00fcr ihre Autobiografie hat sich Paula Hiertz, die in der Rundschau regelm\u00e4\u00dfig f\u00fcr [&hellip;]<\/p>\n","protected":false},"author":15,"featured_media":7648,"comment_status":"open","ping_status":"closed","sticky":false,"template":"","format":"standard","meta":{"footnotes":""},"categories":[1],"tags":[],"class_list":["post-7647","post","type-post","status-publish","format-standard","has-post-thumbnail","hentry","category-allgemein"],"_links":{"self":[{"href":"https:\/\/deutsche-literaturgesellschaft.de\/en\/wp-json\/wp\/v2\/posts\/7647","targetHints":{"allow":["GET"]}}],"collection":[{"href":"https:\/\/deutsche-literaturgesellschaft.de\/en\/wp-json\/wp\/v2\/posts"}],"about":[{"href":"https:\/\/deutsche-literaturgesellschaft.de\/en\/wp-json\/wp\/v2\/types\/post"}],"author":[{"embeddable":true,"href":"https:\/\/deutsche-literaturgesellschaft.de\/en\/wp-json\/wp\/v2\/users\/15"}],"replies":[{"embeddable":true,"href":"https:\/\/deutsche-literaturgesellschaft.de\/en\/wp-json\/wp\/v2\/comments?post=7647"}],"version-history":[{"count":0,"href":"https:\/\/deutsche-literaturgesellschaft.de\/en\/wp-json\/wp\/v2\/posts\/7647\/revisions"}],"wp:attachment":[{"href":"https:\/\/deutsche-literaturgesellschaft.de\/en\/wp-json\/wp\/v2\/media?parent=7647"}],"wp:term":[{"taxonomy":"category","embeddable":true,"href":"https:\/\/deutsche-literaturgesellschaft.de\/en\/wp-json\/wp\/v2\/categories?post=7647"},{"taxonomy":"post_tag","embeddable":true,"href":"https:\/\/deutsche-literaturgesellschaft.de\/en\/wp-json\/wp\/v2\/tags?post=7647"}],"curies":[{"name":"wp","href":"https:\/\/api.w.org\/{rel}","templated":true}]}}