{"id":7773,"date":"2017-06-15T13:33:18","date_gmt":"2017-06-15T11:33:18","guid":{"rendered":"https:\/\/dlgde.wpengine.com\/?p=7773"},"modified":"2017-06-15T13:33:18","modified_gmt":"2017-06-15T11:33:18","slug":"ostthueringer-zeitung-mit-15-schon-autorin-jenaerin-veroeffentlicht-nach-drei-jahren-ihr-erstes-buch","status":"publish","type":"post","link":"https:\/\/deutsche-literaturgesellschaft.de\/en\/ostthueringer-zeitung-mit-15-schon-autorin-jenaerin-veroeffentlicht-nach-drei-jahren-ihr-erstes-buch\/","title":{"rendered":"Ostth\u00fcringer Zeitung - Already an author at 15: Jena girl publishes her first book after three years"},"content":{"rendered":"<p>A schoolgirl who starts writing a novel at the age of 11 and whose manuscript is so convincing three years later that it is published and marketed as a book by a national publishing house - that is certainly not an everyday occurrence.<\/p>\n<p>The story could perhaps even provide material for a screenplay of its own. However, it was not invented, like the fantasy saga \"Behind the Mirror: Deadly Thorns\" by the young author Henriette Settmacher, but happened exactly like this in Jena these days.<\/p>\n<p>Read more<\/p>","protected":false},"excerpt":{"rendered":"<p>Eine Sch\u00fclerin, die mit 11 Jahren beginnt, einen Roman zu schreiben, dessen Manuskript drei Jahre sp\u00e4ter so \u00fcberzeugend ist, dass es von [&hellip;]<\/p>\n","protected":false},"author":15,"featured_media":7774,"comment_status":"open","ping_status":"closed","sticky":false,"template":"","format":"standard","meta":{"footnotes":""},"categories":[],"tags":[],"class_list":["post-7773","post","type-post","status-publish","format-standard","has-post-thumbnail","hentry"],"_links":{"self":[{"href":"https:\/\/deutsche-literaturgesellschaft.de\/en\/wp-json\/wp\/v2\/posts\/7773","targetHints":{"allow":["GET"]}}],"collection":[{"href":"https:\/\/deutsche-literaturgesellschaft.de\/en\/wp-json\/wp\/v2\/posts"}],"about":[{"href":"https:\/\/deutsche-literaturgesellschaft.de\/en\/wp-json\/wp\/v2\/types\/post"}],"author":[{"embeddable":true,"href":"https:\/\/deutsche-literaturgesellschaft.de\/en\/wp-json\/wp\/v2\/users\/15"}],"replies":[{"embeddable":true,"href":"https:\/\/deutsche-literaturgesellschaft.de\/en\/wp-json\/wp\/v2\/comments?post=7773"}],"version-history":[{"count":0,"href":"https:\/\/deutsche-literaturgesellschaft.de\/en\/wp-json\/wp\/v2\/posts\/7773\/revisions"}],"wp:attachment":[{"href":"https:\/\/deutsche-literaturgesellschaft.de\/en\/wp-json\/wp\/v2\/media?parent=7773"}],"wp:term":[{"taxonomy":"category","embeddable":true,"href":"https:\/\/deutsche-literaturgesellschaft.de\/en\/wp-json\/wp\/v2\/categories?post=7773"},{"taxonomy":"post_tag","embeddable":true,"href":"https:\/\/deutsche-literaturgesellschaft.de\/en\/wp-json\/wp\/v2\/tags?post=7773"}],"curies":[{"name":"wp","href":"https:\/\/api.w.org\/{rel}","templated":true}]}}