{"id":7928,"date":"2017-08-16T11:44:24","date_gmt":"2017-08-16T09:44:24","guid":{"rendered":"https:\/\/dlgde.wpengine.com\/?p=7928"},"modified":"2017-08-16T11:44:24","modified_gmt":"2017-08-16T09:44:24","slug":"zdf-markus-lanz-in-kuba","status":"publish","type":"post","link":"https:\/\/deutsche-literaturgesellschaft.de\/en\/zdf-markus-lanz-in-kuba\/","title":{"rendered":"ZDF - Markus Lanz in Cuba!"},"content":{"rendered":"<p>Our author Susana Camino shows Markus Lanz her home country\u00a0<span class=\"_5afx\"><span class=\"_58cm\">Havana\u00a0<\/span><\/span>in\u00a0<span class=\"_5afx\"><span class=\"_58cm\">Cuba<\/span><\/span>\u00a0and opens her home to him with her family. With her authenticity, Susana is the key to understanding this fascinating country.<\/p>\n<p><a href=\"https:\/\/www.zdf.de\/gesellschaft\/markus-lanz\/markus-lanz---kuba-vom-15-august-2017-100.html\" target=\"_blank\" rel=\"noopener\">To the ZDF media library<\/a><\/p>","protected":false},"excerpt":{"rendered":"<p>Unsere Autorin\u00a0Susana Camino\u00a0zeigt\u00a0Markus Lanz\u00a0ihre Heimat\u00a0Havanna\u00a0in\u00a0Kuba\u00a0und \u00f6ffnet ihm mit ihrer Familie ihr Haus. Mit ihrer Authentizit\u00e4t ist Susana der Schl\u00fcssel zum Verstehen dieses [&hellip;]<\/p>\n","protected":false},"author":15,"featured_media":7929,"comment_status":"open","ping_status":"closed","sticky":false,"template":"","format":"standard","meta":{"footnotes":""},"categories":[],"tags":[],"class_list":["post-7928","post","type-post","status-publish","format-standard","has-post-thumbnail","hentry"],"_links":{"self":[{"href":"https:\/\/deutsche-literaturgesellschaft.de\/en\/wp-json\/wp\/v2\/posts\/7928","targetHints":{"allow":["GET"]}}],"collection":[{"href":"https:\/\/deutsche-literaturgesellschaft.de\/en\/wp-json\/wp\/v2\/posts"}],"about":[{"href":"https:\/\/deutsche-literaturgesellschaft.de\/en\/wp-json\/wp\/v2\/types\/post"}],"author":[{"embeddable":true,"href":"https:\/\/deutsche-literaturgesellschaft.de\/en\/wp-json\/wp\/v2\/users\/15"}],"replies":[{"embeddable":true,"href":"https:\/\/deutsche-literaturgesellschaft.de\/en\/wp-json\/wp\/v2\/comments?post=7928"}],"version-history":[{"count":0,"href":"https:\/\/deutsche-literaturgesellschaft.de\/en\/wp-json\/wp\/v2\/posts\/7928\/revisions"}],"wp:attachment":[{"href":"https:\/\/deutsche-literaturgesellschaft.de\/en\/wp-json\/wp\/v2\/media?parent=7928"}],"wp:term":[{"taxonomy":"category","embeddable":true,"href":"https:\/\/deutsche-literaturgesellschaft.de\/en\/wp-json\/wp\/v2\/categories?post=7928"},{"taxonomy":"post_tag","embeddable":true,"href":"https:\/\/deutsche-literaturgesellschaft.de\/en\/wp-json\/wp\/v2\/tags?post=7928"}],"curies":[{"name":"wp","href":"https:\/\/api.w.org\/{rel}","templated":true}]}}