{"id":7947,"date":"2017-09-08T10:15:37","date_gmt":"2017-09-08T08:15:37","guid":{"rendered":"https:\/\/dlgde.wpengine.com\/?p=7947"},"modified":"2017-09-08T10:15:37","modified_gmt":"2017-09-08T08:15:37","slug":"schwaebisches-tagblat-schlagersaengerin-trifft-auf-tuebinger-rhetoriker","status":"publish","type":"post","link":"https:\/\/deutsche-literaturgesellschaft.de\/en\/schwaebisches-tagblat-schlagersaengerin-trifft-auf-tuebinger-rhetoriker\/","title":{"rendered":"Schw\u00e4bisches Tagblat - Pop singer meets T\u00fcbingen rhetorician"},"content":{"rendered":"<p>It was a premiere for the people of Obernau. For the first time in the more than 15-year history of \"Gutenachtgeschichte unterwegs\", the SCHW\u00c4BISCHEN TAGBLATT's red reading chair came to their village. And with it came around 180 listeners. The Osiander bookshop was also there as the organizer. The reading evening was hosted by TAGBLATT employee Dunja Bernhard.<\/p>\n<p>The first reader of the evening was Inka Frahm from Rottenburg, who took a seat in the reading chair. She had brought the book \"Caf\u00e9 H\u00f6lderlin. T\u00fcbingen city views of the living, the dead and the seemingly dead\" by Christian H\u00f6rburger. The author lives in Obernau. But that was not the reason for her choice. The former bookseller and cultural editor had proofread the texts. \"Even then, the stories grew on me,\" she revealed.<\/p>\n<p><a href=\"http:\/\/www.tagblatt.de\/Nachrichten\/Schlagersaengerin-trifft-auf-Tuebinger-Rhetoriker-345453.html\" target=\"_blank\" rel=\"noopener\">Read more<\/a><\/p>","protected":false},"excerpt":{"rendered":"<p>F\u00fcr die Obernauer war es eine Premiere. Zum ersten Mal in der \u00fcber 15-j\u00e4hrigen Geschichte der \u201eGutenachtgeschichte unterwegs\u201c kam der rote Lesesessel [&hellip;]<\/p>\n","protected":false},"author":15,"featured_media":7948,"comment_status":"open","ping_status":"closed","sticky":false,"template":"","format":"standard","meta":{"footnotes":""},"categories":[],"tags":[],"class_list":["post-7947","post","type-post","status-publish","format-standard","has-post-thumbnail","hentry"],"_links":{"self":[{"href":"https:\/\/deutsche-literaturgesellschaft.de\/en\/wp-json\/wp\/v2\/posts\/7947","targetHints":{"allow":["GET"]}}],"collection":[{"href":"https:\/\/deutsche-literaturgesellschaft.de\/en\/wp-json\/wp\/v2\/posts"}],"about":[{"href":"https:\/\/deutsche-literaturgesellschaft.de\/en\/wp-json\/wp\/v2\/types\/post"}],"author":[{"embeddable":true,"href":"https:\/\/deutsche-literaturgesellschaft.de\/en\/wp-json\/wp\/v2\/users\/15"}],"replies":[{"embeddable":true,"href":"https:\/\/deutsche-literaturgesellschaft.de\/en\/wp-json\/wp\/v2\/comments?post=7947"}],"version-history":[{"count":0,"href":"https:\/\/deutsche-literaturgesellschaft.de\/en\/wp-json\/wp\/v2\/posts\/7947\/revisions"}],"wp:attachment":[{"href":"https:\/\/deutsche-literaturgesellschaft.de\/en\/wp-json\/wp\/v2\/media?parent=7947"}],"wp:term":[{"taxonomy":"category","embeddable":true,"href":"https:\/\/deutsche-literaturgesellschaft.de\/en\/wp-json\/wp\/v2\/categories?post=7947"},{"taxonomy":"post_tag","embeddable":true,"href":"https:\/\/deutsche-literaturgesellschaft.de\/en\/wp-json\/wp\/v2\/tags?post=7947"}],"curies":[{"name":"wp","href":"https:\/\/api.w.org\/{rel}","templated":true}]}}